{"id":436,"date":"2016-06-12T17:18:50","date_gmt":"2016-06-12T19:18:50","guid":{"rendered":"http:\/\/www.andiara.com.br\/?p=436"},"modified":"2016-06-12T17:18:50","modified_gmt":"2016-06-12T19:18:50","slug":"sobre-a-distancia","status":"publish","type":"post","link":"http:\/\/www.andiara.com.br\/?p=436","title":{"rendered":"Sobre a dist\u00e2ncia"},"content":{"rendered":"<p>A dist\u00e2ncia por defini\u00e7\u00e3o \u00e9 relativa:<br \/>\nH\u00e1 vezes que estar ao lado \u00e9 estar distante, especialmente quando nosso pensamento n\u00e3o est\u00e1 ali, e, h\u00e1 momentos em que a geografia pouco importa.<\/p>\n<p>Contudo, em nossa experi\u00eancia nessa vida, estar presente \u00e9 um grande desafio: h\u00e1 momentos que desejamos com profundidade vivermos aquele momento de forma eterna, e, em outros, nosso desejo \u00e9 o de jamais estarmos pr\u00f3ximos ao que vivemos. Viver \u00e9 duro mas a maior ben\u00e7\u00e3o que poder\u00edamos ter recebido.<\/p>\n<p>De tudo que pude aprender at\u00e9 o momento separei algumas dist\u00e2ncias que s\u00e3o importantes que eu compartilhe com voc\u00ea. E assim eu sigo:<\/p>\n<h2>A dist\u00e2ncia Geogr\u00e1fica<\/h2>\n<p>H\u00e1 mais de uma d\u00e9cada minha vida profissional exige que eu esteja fora de casa por per\u00edodos que variam entre dias e semanas. Essas obriga\u00e7\u00f5es laborais exigem uma disciplina enorme sob a \u00f3tica de enfrentar os desafios di\u00e1rios: s\u00e3o as aus\u00eancias que nos machucam e marcam, n\u00e3o as presen\u00e7as obrigat\u00f3rias.<\/p>\n<p>Ainda assim, essas dist\u00e2ncias me permitem visualizar a nossa vida em fam\u00edlia sob uma \u00f3tica \u00fanica e maravilhosa: como \u00e9 bom estar ao lado desses que eu tanto amo.<\/p>\n<p>Mil ou 2 mil quil\u00f4metros podem ser suficientes para te fazer pensar diferente e querer um retorno num passe de m\u00e1gica mas n\u00e3o podem te fazer ser outro, \u00e9s o que \u00e9s independentemente da dist\u00e2ncia.<\/p>\n<h2>A dist\u00e2ncia\u00a0Material<\/h2>\n<p>Estar separado de um corpo f\u00edsico eu ainda n\u00e3o lembro como \u00e9, n\u00e3o por minha experi\u00eancia atual, mas, sei como \u00e9 pensar em quem n\u00e3o est\u00e1 mais aqui.<\/p>\n<p>H\u00e1 poucas semanas meu Pai j\u00e1 n\u00e3o est\u00e1 mais aqui comigo: em verdade ele j\u00e1 n\u00e3o estava aqui comigo h\u00e1 alguns anos, mas isso n\u00e3o me impede de pensar nele como se fosse o que era &#8211; Um homem de grande refer\u00eancia e valor para mim.<\/p>\n<p>Devemos estar preparados para a partida assim que chegarmos pois ela \u00e9 compuls\u00f3ria &#8211; Estar aqui implica em sairmos t\u00e3o logo sejamos chamados.<\/p>\n<p>Como poderia pensar diferente se at\u00e9 pouco tempo atr\u00e1s ainda me via como centro do universo?<\/p>\n<p>De todas d\u00favidas que tenho essa \u00e9 a que mais me atormenta: Onde estaremos quando n\u00e3o estivermos mais aqui?<\/p>\n<p>Se n\u00e3o estivermos aqui nossos desejos permanecer\u00e3o os mesmos? Nossos amores os mesmos?<\/p>\n<p>Pensamentos, em sua ess\u00eancia s\u00e3o f\u00edsicos, uma mistura de \u00e1tomos se movendo dentro de um corpo f\u00edsico que refletem uma ideia, uma concep\u00e7\u00e3o que \u00e9 \u00fanica, e, assim, concluo que s\u00e3o palp\u00e1veis por meio de nossas faculdades. Desse modo s\u00e3o t\u00e3o reais quanto nossas experi\u00eancias. E assim representam nossa verdade. Qual a tua?<\/p>\n<h2>A dist\u00e2ncia\u00a0Espiritual<\/h2>\n<p>Conex\u00e3o representa tudo: ter uma rela\u00e7\u00e3o saud\u00e1vel e limpa implica em se fazer presente de alguma forma &#8211; Seja por meio de uma tecnologia ou por meio de uma experi\u00eancia intensa de toque.<\/p>\n<p>Ainda hoje sinto que meu Pai est\u00e1 aqui comigo, me dizendo o que fazer com a mesma intensidade que ele fazia quando o corpo dele ainda era o que eu conhecia. Por que eu pensaria diferente agora que ela apenas n\u00e3o tem um corpo f\u00edsico?<\/p>\n<p>Como a <a href=\"http:\/\/www.andiara.com.br\/?p=386\">Andi comentou aqui<\/a>:<\/p>\n<blockquote><p>Me deem o nome que voc\u00eas sempre me deram, falem comigo como voc\u00eas sempre fizeram.<\/p>\n<p>As l\u00e1grimas de voc\u00eas me fazem um enorme mal, cada um de n\u00f3s tem seu dia marcado, o meu veio agora.<\/p>\n<p><em>Pensem simplesmente que nos encontraremos mais cedo ou mais tarde.<\/em><\/p>\n<p>Voc\u00eas continuam vivendo no mundo das criaturas, eu estou vivendo no mundo do Criador.<br \/>\nN\u00e3o utilizem um tom solene ou triste, continuem a rir juntos.<\/p>\n<p><em>Rezem, sorriam, pensem em mim.<\/em><\/p><\/blockquote>\n<p>E assim com essa dist\u00e2ncia de um clique me despe\u00e7o te desejando que sejas mais do que anseias que tudo o que esperas esteja a teu alcance tanto quanto teu desejo te permite.<\/p>\n<p>&#8212; Marco<\/p>\n<p>&nbsp;<\/p>\n","protected":false},"excerpt":{"rendered":"<p>A dist\u00e2ncia por defini\u00e7\u00e3o \u00e9 relativa: H\u00e1 vezes que estar ao lado \u00e9 estar distante, especialmente quando nosso pensamento n\u00e3o est\u00e1 ali, e, h\u00e1 momentos em que a geografia pouco importa. Contudo, em nossa experi\u00eancia nessa vida, estar presente \u00e9 um grande desafio: h\u00e1 momentos que desejamos com profundidade vivermos aquele momento de forma eterna, [&hellip;]<\/p>\n","protected":false},"author":3,"featured_media":438,"comment_status":"open","ping_status":"open","sticky":false,"template":"","format":"standard","meta":[],"categories":[6,9,20],"tags":[],"_links":{"self":[{"href":"http:\/\/www.andiara.com.br\/index.php?rest_route=\/wp\/v2\/posts\/436"}],"collection":[{"href":"http:\/\/www.andiara.com.br\/index.php?rest_route=\/wp\/v2\/posts"}],"about":[{"href":"http:\/\/www.andiara.com.br\/index.php?rest_route=\/wp\/v2\/types\/post"}],"author":[{"embeddable":true,"href":"http:\/\/www.andiara.com.br\/index.php?rest_route=\/wp\/v2\/users\/3"}],"replies":[{"embeddable":true,"href":"http:\/\/www.andiara.com.br\/index.php?rest_route=%2Fwp%2Fv2%2Fcomments&post=436"}],"version-history":[{"count":1,"href":"http:\/\/www.andiara.com.br\/index.php?rest_route=\/wp\/v2\/posts\/436\/revisions"}],"predecessor-version":[{"id":439,"href":"http:\/\/www.andiara.com.br\/index.php?rest_route=\/wp\/v2\/posts\/436\/revisions\/439"}],"wp:featuredmedia":[{"embeddable":true,"href":"http:\/\/www.andiara.com.br\/index.php?rest_route=\/wp\/v2\/media\/438"}],"wp:attachment":[{"href":"http:\/\/www.andiara.com.br\/index.php?rest_route=%2Fwp%2Fv2%2Fmedia&parent=436"}],"wp:term":[{"taxonomy":"category","embeddable":true,"href":"http:\/\/www.andiara.com.br\/index.php?rest_route=%2Fwp%2Fv2%2Fcategories&post=436"},{"taxonomy":"post_tag","embeddable":true,"href":"http:\/\/www.andiara.com.br\/index.php?rest_route=%2Fwp%2Fv2%2Ftags&post=436"}],"curies":[{"name":"wp","href":"https:\/\/api.w.org\/{rel}","templated":true}]}}