{"id":588,"date":"2017-04-21T08:34:07","date_gmt":"2017-04-21T10:34:07","guid":{"rendered":"http:\/\/www.andiara.com.br\/?p=588"},"modified":"2017-04-21T08:34:20","modified_gmt":"2017-04-21T10:34:20","slug":"sobre-1-ano","status":"publish","type":"post","link":"http:\/\/www.andiara.com.br\/?p=588","title":{"rendered":"Sobre um ano"},"content":{"rendered":"<h2>O Tempo<\/h2>\n<p>\u00c9 uma inven\u00e7\u00e3o humana: n\u00f3s precisamos &#8220;<em>sentir o tempo passar<\/em>&#8221; para saber que &#8216;caminhamos&#8217;.<\/p>\n<p>Mas n\u00e3o passa disso: uma inven\u00e7\u00e3o de nosso intelecto. E ainda assim estamos presos a esta inven\u00e7\u00e3o. \u00a0Acordamos e dormirmos com seus des\u00edgnios &#8211; Acordar \u00e0s 06:00 e dormir \u00e0s 22:00 diria um m\u00e9dico qualquer para termos sa\u00fade.<\/p>\n<h2>Ele passa<\/h2>\n<p>E muitas vezes n\u00e3o nos damos conta que com ele passa tamb\u00e9m a vida. Se n\u00e3o dermos aten\u00e7\u00e3o a vida seremos zumbis de um tempo que, por ser finito, deveria ser intensamente aproveitado. R\u00c1PIDO!!! Sua vida est\u00e1 chegando ao fim!<\/p>\n<p>Enquanto dizes no fim do dia: &#8220;<strong>Obrigado por mais este dia<\/strong>&#8221; deverias lembrar tamb\u00e9m que que trata-se <strong>de um dia a menos<\/strong> na finitude da tua estadia.<\/p>\n<h2>Um ano ou 12 meses<\/h2>\n<p>Quando olho pra tr\u00e1s eu junto os pontos. Nada mais. Apenas olho os fatos e sentimentos que tive nesse prazo e sinto o quanto sou grato por tudo. N\u00e3o posso ter outro sentimento.<\/p>\n<p>Gratid\u00e3o pelo imenso aprendizado que tive com todas as dores que senti. Com os amores que me fizeram seguir adiante, levantar todos os dias e ser melhor.<\/p>\n<p>Muitas vezes as criaturas que me abominam estiveram maiores que de costume e em todos estes dias eu senti a m\u00e3o forte e divina me carregando, especialmente nos dias em que n\u00e3o tinha mais energias (e nem vontade) l\u00e1 estava o Divino me orientando e, principalmente, me fornecendo motivos para seguir adiante.<\/p>\n<p>Desde quando meu <a href=\"http:\/\/www.andiara.com.br\/?p=386\">Pai foi para o outro lado<\/a>\u00a0ou quando a <a href=\"http:\/\/www.andiara.com.br\/?p=492\">Andi realizou um procedimento cir\u00fargico<\/a> tudo isso me fez ver a vida de uma perspectiva mais ampla.<\/p>\n<blockquote><p>E com isso posto vivo aquilo que posso: <strong>o Instante<\/strong>. Nada mais.<\/p><\/blockquote>\n<p>Termino, como de h\u00e1bito exaltando palavras de um mestre:<\/p>\n<blockquote><p>Voc\u00ea est\u00e1 em uma determinada situa\u00e7\u00e3o. <strong>Voc\u00ea \u00e9 essa situa\u00e7\u00e3o<\/strong>.<br \/>\nMas imagina que uma outra situa\u00e7\u00e3o seria melhor, ou que essa mesma situa\u00e7\u00e3o ser\u00e1 melhor mais tarde, ou que ela era melhor antes, ou que outras pessoas gozam de uma situa\u00e7\u00e3o melhor, ou que essa situa\u00e7\u00e3o \u00e9 apenas uma forma de conseguir outra.<\/p>\n<p>Voc\u00ea j\u00e1 n\u00e3o est\u00e1 mais l\u00e1.<br \/>\nAo fugir daquilo que chama de sofrimento ou ao perseguir aquilo que imagina ser a felicidade, voc\u00ea n\u00e3o vive a \u00fanica vida que est\u00e1 \u00e0 sua disposi\u00e7\u00e3o, a do instante.<\/p><\/blockquote>\n","protected":false},"excerpt":{"rendered":"<p>O Tempo \u00c9 uma inven\u00e7\u00e3o humana: n\u00f3s precisamos &#8220;sentir o tempo passar&#8221; para saber que &#8216;caminhamos&#8217;. Mas n\u00e3o passa disso: uma inven\u00e7\u00e3o de nosso intelecto. E ainda assim estamos presos a esta inven\u00e7\u00e3o. \u00a0Acordamos e dormirmos com seus des\u00edgnios &#8211; Acordar \u00e0s 06:00 e dormir \u00e0s 22:00 diria um m\u00e9dico qualquer para termos sa\u00fade. Ele [&hellip;]<\/p>\n","protected":false},"author":3,"featured_media":589,"comment_status":"open","ping_status":"open","sticky":false,"template":"","format":"standard","meta":[],"categories":[6,9],"tags":[],"_links":{"self":[{"href":"http:\/\/www.andiara.com.br\/index.php?rest_route=\/wp\/v2\/posts\/588"}],"collection":[{"href":"http:\/\/www.andiara.com.br\/index.php?rest_route=\/wp\/v2\/posts"}],"about":[{"href":"http:\/\/www.andiara.com.br\/index.php?rest_route=\/wp\/v2\/types\/post"}],"author":[{"embeddable":true,"href":"http:\/\/www.andiara.com.br\/index.php?rest_route=\/wp\/v2\/users\/3"}],"replies":[{"embeddable":true,"href":"http:\/\/www.andiara.com.br\/index.php?rest_route=%2Fwp%2Fv2%2Fcomments&post=588"}],"version-history":[{"count":2,"href":"http:\/\/www.andiara.com.br\/index.php?rest_route=\/wp\/v2\/posts\/588\/revisions"}],"predecessor-version":[{"id":591,"href":"http:\/\/www.andiara.com.br\/index.php?rest_route=\/wp\/v2\/posts\/588\/revisions\/591"}],"wp:featuredmedia":[{"embeddable":true,"href":"http:\/\/www.andiara.com.br\/index.php?rest_route=\/wp\/v2\/media\/589"}],"wp:attachment":[{"href":"http:\/\/www.andiara.com.br\/index.php?rest_route=%2Fwp%2Fv2%2Fmedia&parent=588"}],"wp:term":[{"taxonomy":"category","embeddable":true,"href":"http:\/\/www.andiara.com.br\/index.php?rest_route=%2Fwp%2Fv2%2Fcategories&post=588"},{"taxonomy":"post_tag","embeddable":true,"href":"http:\/\/www.andiara.com.br\/index.php?rest_route=%2Fwp%2Fv2%2Ftags&post=588"}],"curies":[{"name":"wp","href":"https:\/\/api.w.org\/{rel}","templated":true}]}}