{"id":670,"date":"2018-06-22T23:18:42","date_gmt":"2018-06-23T01:18:42","guid":{"rendered":"http:\/\/www.andiara.com.br\/?p=670"},"modified":"2018-06-22T23:18:42","modified_gmt":"2018-06-23T01:18:42","slug":"o-autor-de-seu-proprio-caminho","status":"publish","type":"post","link":"http:\/\/www.andiara.com.br\/?p=670","title":{"rendered":"O Autor de seu pr\u00f3prio caminho"},"content":{"rendered":"<h1>Voc\u00ea aceita ser seu pr\u00f3prio autor?<\/h1>\n<p>Digo ser o principal condutor de seus pr\u00f3prios passos?<\/p>\n<p>A pergunta parece simples, mas embute uma pegadinha que n\u00e3o estamos habituados a concorrer: voc\u00ea se v\u00ea olhando para terceiros para definir seu destino? N\u00e3o? Nem Estado, Fam\u00edlia, Amigos, Chefe, nem terceiros de uma forma em geral?<\/p>\n<p>Avalie com sinceridade se n\u00e3o h\u00e1 em teu ser algo que te move para blasfemar contra terceiros, contra aqueles que justamente a\u00ed est\u00e3o para tornar teu caminho mais \u00e1rduo e, desse modo, mais frut\u00edfero nos teus engrandecimentos.<\/p>\n<h2>A Liberdade<\/h2>\n<p>Os testes que aceitas (ainda que inconscientemente) fazer s\u00e3o justamente aqueles que te aproximam do caminho da liberdade. Estar ciente, a todo momento que essa capacidade de aceitar os desafios &#8211; ou mesmo fugir deles &#8211; \u00e9 o que te coloca no caminho da liberdade.<\/p>\n<p>O oposto disso, se resignar, se lamentar por essa ou aquela situa\u00e7\u00e3o, em contrapartida, te dist\u00e2ncia de ti mesmo e teu prop\u00f3sito.<\/p>\n<p>Te pergunto: <strong>Que queres aqui?<\/strong><\/p>\n<p>Ser bom pai ou m\u00e3e? Ser um excelente profissional? Fazer a diferen\u00e7a no mundo?<\/p>\n<p>Sim?<\/p>\n<p>Ent\u00e3o aceite tudo aquilo que aqui est\u00e1 e mude aquilo que acreditas que seja poss\u00edvel. A come\u00e7ar por ti mesmo.<\/p>\n<h2>Um depoimento<\/h2>\n<p>H\u00e1 poucos anos tinha, em meu limite, m\u00edseros 113 Kg. Do alto de meus 1,80 m era peso a be\u00e7a para carregar &#8211; assim como muito do vinha carregando at\u00e9 ent\u00e3o.<\/p>\n<p>Ao aceitar tudo o que passei desde ent\u00e3o optei por fazer nada mais do que aceitar minhas limita\u00e7\u00f5es e batalhas.<\/p>\n<p>Ganhei. Ganhei de mim mesmo pois nunca achei que venceria as batalhas que venci.<\/p>\n<p>Das supera\u00e7\u00f5es que tive o privil\u00e9gio de vencer, acompanhar a Andi nas batalhas dela foram as que mais me fizeram crescer.<\/p>\n<p>Muitas vezes as batalhas que precisas vencer n\u00e3o s\u00e3o as tuas. S\u00e3o as daqueles que acompanhas. Noutras, por certo, somente as tuas.<\/p>\n<h2>Nadar e Correr<\/h2>\n<p>Tenho comigo que o Futebol, Basquete e, de forma gral, os esportes coletivos s\u00e3o os que mais me atraiam. Ainda os adoro como se fossem os meus \u00fanicos amores.<\/p>\n<p>Mas ao aceitar minhas limita\u00e7\u00f5es (h\u00e9rnias na coluna e o tempo insuficiente para encaixar com os coletivos) me vi de frente com a possibilidade de me encontrar.<\/p>\n<p>Ao decidir NADAR h\u00e1 4 anos, por conta tamb\u00e9m da coluna, aprendi o valor da \u00e1gua e do respirar. H\u00e1 quanto prazer encontro ao estar comigo mesmo na \u00e1gua e saber que toda meta, desafio e dificuldade depende de mim, e APENAS DE MIM para serem vencidos.<\/p>\n<p>Em 2017 resolvi correr.<\/p>\n<p>1 metro de cada vez. Todos os dias. Com chuva, sol, calor ou frio.<\/p>\n<p>Aquilo me libertou de mim mesmo. Hoje, embora pouco para meus anseios, 10 km s\u00e3o minha gl\u00f3ria. Minutos, dores e prazeres que passo comigo mesmo.<\/p>\n<p>Nisso, crescemos juntos. Nesse fim de semana a Andi far\u00e1 sua <strong>primeira competi\u00e7\u00e3o de corrida<\/strong>, e o prazer de poder acompanh\u00e1-la n\u00e3o tem pre\u00e7o. Tem um \u00fanico valor: <strong>gl\u00f3ria aos momentos de dificuldades que passamos juntos<\/strong>.<\/p>\n<p>Tu entendes a satisfa\u00e7\u00e3o de acompanhar algu\u00e9m em sua pr\u00f3pria gl\u00f3ria? Sim? Sinta-se aben\u00e7oado por isso!<\/p>\n<p>O que voc\u00ea escolhe? Ser v\u00edtima &#8220;disso tudo&#8221;? Ou ser o protagonista de uma hist\u00f3ria que lhe agradaria em ouvir?<\/p>\n<h2>De ti para ti mesmo<\/h2>\n<p>Cada dor que sentes, cada situa\u00e7\u00e3o que pensas &#8216;n\u00e3o queria estar assim, ou aqui&#8217; \u00e9 uma mensagem de ti mesmo para teu crescimento. Teu crescimento depende dessa interpreta\u00e7\u00e3o para crescer. Nada vem do outro. Pare de ouvir a TV, o r\u00e1dio, os outros e te concentre em ti mesmo. Tuas dores s\u00e3o teu plano de crescimento. N\u00e3o dependem de ningu\u00e9m al\u00e9m de ti.<\/p>\n<p>E se voc\u00ea parasse para se ouvir? E se entendesse como lhe expresso essas singelas palavras? Seria diferente?<\/p>\n<h2>E se fores a Perfei\u00e7\u00e3o?<\/h2>\n<p>Cada dia que n\u00e3o percebes a perfei\u00e7\u00e3o que h\u00e1 em ti, e naqueles que te cercam tornam-se a maior dor que podes sentir pois perde-se na incapacidade de perceber o \u00f3bvio: \u00e9s a perfei\u00e7\u00e3o da tua pr\u00f3pria exist\u00eancia.<\/p>\n<p>Esse sofrimento vem da incapacidade de perceber que tens tudo. \u00c9s tudo o que precisas.<\/p>\n<p>Aqueles que te rodeiam tamb\u00e9m o s\u00e3o.<\/p>\n","protected":false},"excerpt":{"rendered":"<p>Voc\u00ea aceita ser seu pr\u00f3prio autor? Digo ser o principal condutor de seus pr\u00f3prios passos? A pergunta parece simples, mas embute uma pegadinha que n\u00e3o estamos habituados a concorrer: voc\u00ea se v\u00ea olhando para terceiros para definir seu destino? N\u00e3o? Nem Estado, Fam\u00edlia, Amigos, Chefe, nem terceiros de uma forma em geral? Avalie com sinceridade [&hellip;]<\/p>\n","protected":false},"author":3,"featured_media":671,"comment_status":"open","ping_status":"open","sticky":false,"template":"","format":"standard","meta":[],"categories":[6,20],"tags":[],"_links":{"self":[{"href":"http:\/\/www.andiara.com.br\/index.php?rest_route=\/wp\/v2\/posts\/670"}],"collection":[{"href":"http:\/\/www.andiara.com.br\/index.php?rest_route=\/wp\/v2\/posts"}],"about":[{"href":"http:\/\/www.andiara.com.br\/index.php?rest_route=\/wp\/v2\/types\/post"}],"author":[{"embeddable":true,"href":"http:\/\/www.andiara.com.br\/index.php?rest_route=\/wp\/v2\/users\/3"}],"replies":[{"embeddable":true,"href":"http:\/\/www.andiara.com.br\/index.php?rest_route=%2Fwp%2Fv2%2Fcomments&post=670"}],"version-history":[{"count":1,"href":"http:\/\/www.andiara.com.br\/index.php?rest_route=\/wp\/v2\/posts\/670\/revisions"}],"predecessor-version":[{"id":672,"href":"http:\/\/www.andiara.com.br\/index.php?rest_route=\/wp\/v2\/posts\/670\/revisions\/672"}],"wp:featuredmedia":[{"embeddable":true,"href":"http:\/\/www.andiara.com.br\/index.php?rest_route=\/wp\/v2\/media\/671"}],"wp:attachment":[{"href":"http:\/\/www.andiara.com.br\/index.php?rest_route=%2Fwp%2Fv2%2Fmedia&parent=670"}],"wp:term":[{"taxonomy":"category","embeddable":true,"href":"http:\/\/www.andiara.com.br\/index.php?rest_route=%2Fwp%2Fv2%2Fcategories&post=670"},{"taxonomy":"post_tag","embeddable":true,"href":"http:\/\/www.andiara.com.br\/index.php?rest_route=%2Fwp%2Fv2%2Ftags&post=670"}],"curies":[{"name":"wp","href":"https:\/\/api.w.org\/{rel}","templated":true}]}}