{"id":614,"date":"2017-07-23T17:18:51","date_gmt":"2017-07-23T19:18:51","guid":{"rendered":"http:\/\/www.andiara.com.br\/?p=614"},"modified":"2017-07-23T17:24:15","modified_gmt":"2017-07-23T19:24:15","slug":"a-verdade-do-fim-de-um-ciclo","status":"publish","type":"post","link":"https:\/\/www.andiara.com.br\/?p=614","title":{"rendered":"A Verdade do fim de um ciclo"},"content":{"rendered":"<h1>Sobre encerrar um ciclo<\/h1>\n<p>Decidimos seguir um caminho espiritualizado porque acreditamos num tipo de invulnerabilidade, daqueles que nos far\u00e3o imunes \u00e0s dores deste plano. Uma perda de tempo, mas, ao mesmo tempo uma ben\u00e7\u00e3o.<\/p>\n<p><strong>Perda de tempo<\/strong> pois n\u00e3o existe nada assim aqui: somos vulner\u00e1veis aos nossos sentimentos e pensamentos.<\/p>\n<p><strong>Uma ben\u00e7\u00e3o<\/strong> porque a jornada termina muito diferente do que pens\u00e1vamos.<\/p>\n<p>O que encontramos no fim (de um ciclo, de uma jornada, pouco importa) n\u00e3o \u00e9 aquele <strong><a href=\"https:\/\/www.youtube.com\/watch?v=1se9JfBMpzI\">parque de divers\u00f5es <\/a><\/strong>dos desenhos do pica pau e, sim, uma nova oportunidade de recome\u00e7armos. Tudo que tem um <strong><a href=\"https:\/\/www.youtube.com\/watch?v=Ou8KTnfKuO8\">in\u00edcio tem um fim<\/a><\/strong>.<\/p>\n<h1>Por que fazemos assim?<\/h1>\n<p>Porque para viver a vida de verdade precisamos estar presentes em plenitude, estarmos sens\u00edveis \u00e0 tudo o que este plano nos oferece e, desse modo, estarmos pela metade n\u00e3o nos permitiria isso. Sermos vulner\u00e1veis \u00e9 a melhor estrat\u00e9gia para nos <strong>RE<\/strong>conhecermos como humanos. Obter nossa pr\u00f3pria compaix\u00e3o.<\/p>\n<p>De um Mestre:<\/p>\n<blockquote>\n<h5>Quanto mais abrimos o cora\u00e7\u00e3o, mais sentimos o sofrimento (o nosso e o dos outros: s\u00f3 h\u00e1 um) e menos alimentamos os mecanismos que o sustentam.<\/h5>\n<p>&#8212;<\/p>\n<h3>N\u00e3o olhe para o que voc\u00ea v\u00ea. Sinta o que a vis\u00e3o faz no seu cora\u00e7\u00e3o.<\/h3>\n<p>&#8212;<\/p><\/blockquote>\n<p>Em verdade esse desejo que temos \u00e0 insensibilidade (<em>n\u00e3o quero que doa, n\u00e3o quero que magoe, n\u00e3o quero chorar, etc.<\/em>) \u00e9 o caminho mais r\u00e1pido para os crimes que cometemos contra n\u00f3s mesmos. A insensibilidade \u00e9 o que molesta e mata toda a esp\u00e9cie humana. N\u00e3o seja insens\u00edvel nem a voc\u00ea, nem aos outros.<\/p>\n<h1>Nossa pr\u00f3xima etapa<\/h1>\n<p>Amanh\u00e3, Segunda feira, 24\/07\/2017, a Andi far\u00e1 mais uma importante etapa no tratamento dela e gostar\u00edamos de contar com sua prece, com seu bem querer, com suas boas vibra\u00e7\u00f5es e inten\u00e7\u00f5es.<\/p>\n<blockquote>\n<h3>Diz-se na tradi\u00e7\u00e3o crist\u00e3 que aqueles que t\u00eam o poder de sentir integralmente o seu sofrimento e o dos outros \u2014 de senti-lo a ponto de chorar por ele \u2014 t\u00eam o \u201cdom das l\u00e1grimas\u201d.<\/h3>\n<h3>S\u00f3 grandes santos e santas tiveram esse dom, t\u00e3o maravilhoso quanto a gra\u00e7a do sorriso.<\/h3>\n<\/blockquote>\n","protected":false},"excerpt":{"rendered":"<p>Sobre encerrar um ciclo Decidimos seguir um caminho espiritualizado porque acreditamos num tipo de invulnerabilidade, daqueles que nos far\u00e3o imunes \u00e0s dores deste plano. Uma perda de tempo, mas, ao mesmo tempo uma ben\u00e7\u00e3o. Perda de tempo pois n\u00e3o existe nada assim aqui: somos vulner\u00e1veis aos nossos sentimentos e pensamentos. Uma ben\u00e7\u00e3o porque a jornada [&hellip;]<\/p>\n","protected":false},"author":3,"featured_media":615,"comment_status":"open","ping_status":"open","sticky":false,"template":"","format":"standard","meta":[],"categories":[6,20],"tags":[],"_links":{"self":[{"href":"https:\/\/www.andiara.com.br\/index.php?rest_route=\/wp\/v2\/posts\/614"}],"collection":[{"href":"https:\/\/www.andiara.com.br\/index.php?rest_route=\/wp\/v2\/posts"}],"about":[{"href":"https:\/\/www.andiara.com.br\/index.php?rest_route=\/wp\/v2\/types\/post"}],"author":[{"embeddable":true,"href":"https:\/\/www.andiara.com.br\/index.php?rest_route=\/wp\/v2\/users\/3"}],"replies":[{"embeddable":true,"href":"https:\/\/www.andiara.com.br\/index.php?rest_route=%2Fwp%2Fv2%2Fcomments&post=614"}],"version-history":[{"count":4,"href":"https:\/\/www.andiara.com.br\/index.php?rest_route=\/wp\/v2\/posts\/614\/revisions"}],"predecessor-version":[{"id":619,"href":"https:\/\/www.andiara.com.br\/index.php?rest_route=\/wp\/v2\/posts\/614\/revisions\/619"}],"wp:featuredmedia":[{"embeddable":true,"href":"https:\/\/www.andiara.com.br\/index.php?rest_route=\/wp\/v2\/media\/615"}],"wp:attachment":[{"href":"https:\/\/www.andiara.com.br\/index.php?rest_route=%2Fwp%2Fv2%2Fmedia&parent=614"}],"wp:term":[{"taxonomy":"category","embeddable":true,"href":"https:\/\/www.andiara.com.br\/index.php?rest_route=%2Fwp%2Fv2%2Fcategories&post=614"},{"taxonomy":"post_tag","embeddable":true,"href":"https:\/\/www.andiara.com.br\/index.php?rest_route=%2Fwp%2Fv2%2Ftags&post=614"}],"curies":[{"name":"wp","href":"https:\/\/api.w.org\/{rel}","templated":true}]}}