{"id":674,"date":"2018-07-04T10:52:33","date_gmt":"2018-07-04T12:52:33","guid":{"rendered":"http:\/\/www.andiara.com.br\/?p=674"},"modified":"2018-07-04T10:56:01","modified_gmt":"2018-07-04T12:56:01","slug":"ode-aos-39-anos","status":"publish","type":"post","link":"https:\/\/www.andiara.com.br\/?p=674","title":{"rendered":"Ode aos 39 anos"},"content":{"rendered":"<h2>1\/3 de solid\u00e3o<\/h2>\n<p>Sentir a solid\u00e3o foi algo que\u00a0 me acompanhou durante os primeiros 15 anos de vida. Me questiono por que muitos de n\u00f3s n\u00e3o compreendemos a import\u00e2ncia da solid\u00e3o: <strong>estar consigo mesmo \u00e9 um dos melhores desafios que me coloco a vencer<\/strong>. Gosto da companhia que tenho durante a solid\u00e3o. N\u00e3o tendo op\u00e7\u00f5es volto a mim mesmo e, muitas vezes, <strong>encontro aquele que vivo buscando<\/strong>.<\/p>\n<p>Por fim, neste ter\u00e7o tamb\u00e9m entendi muitos dos motivos da introspec\u00e7\u00e3o: muitos amigos me v\u00eaem como algu\u00e9m extrovertido, pronto para uma brincadeira (as vezes impertinentes, admito) mas de certa forma expansivo. A mudan\u00e7a (de introspec\u00e7\u00e3o para extrovers\u00e3o) teve muita lapida\u00e7\u00e3o e trabalho minucioso de entendimento para alcan\u00e7ar um estado que considerava mais relevante para essa experi\u00eancia. Um desbaste que me ajudou a construir cada segundo que hoje vivo.<\/p>\n<h2>2\/3 de amor e aprendizado cont\u00ednuo<\/h2>\n<p>Ao ser escolhido pela Andi (admito que foi uma boa escolha) ela me ofertou:<\/p>\n<ol>\n<li>Um cora\u00e7\u00e3o quente a me acalentar todos os dias;<\/li>\n<li>Uma hist\u00f3ria que nem nos melhores sonhos poderia sonhar;<\/li>\n<li>Um presente \u00fanico, que hoje me enche de honra e aprendizado (sim falo daquele pimpolho na foto)<\/li>\n<\/ol>\n<p>N\u00e3o tenho palavras para descrever o quanto uma pequena escolha, feita h\u00e1 quase um 1\/4 de s\u00e9culo fez diferen\u00e7a em nossas vidas. Falo por ela tamb\u00e9m pois entendo, nas atitudes e sentimentos dela, que assim posso.<\/p>\n<h2>Fam\u00edlia, amigos e realiza\u00e7\u00e3o profissional<\/h2>\n<p>A gratid\u00e3o que tenho por aqueles que me acompanham, uns mais pr\u00f3ximos, outros mais distantes, \u00e9 tanta que muitas vezes me pego pensando que n\u00e3o mere\u00e7o todos estes. Se eles pudessem entender o quanto os amo. Ser\u00e1 que entendem?<\/p>\n<p>Um recado no Facebook, um telefonema, uma mensagem no whatsapp &#8211; Muitas vezes precisamos apenas disso para nos recordar de quanta diferen\u00e7a fazemos na vida daqueles que nos rodeiam.<\/p>\n<h2>Perguntas &amp; Respostas<\/h2>\n<p>Nos perguntamos as perguntas certas? Encontramos as respostas? Ou criamos cen\u00e1rios para justificar respostas com perguntas sem relev\u00e2ncia?<\/p>\n<p>Deixo um trecho de Pierry L\u00e9vy para leres com aten\u00e7\u00e3o:<\/p>\n<blockquote><p>Se voc\u00ea quer respostas, coloque-se quest\u00f5es. Mas quest\u00f5es de verdade.<br \/>\nSobre sua vida.<br \/>\nA verdade da vida est\u00e1 ao alcance de todos. Ainda assim \u00e9 preciso busc\u00e1-la. Olhe ao redor. Quem de fato est\u00e1 nessa busca?<br \/>\nQuem realmente se engaja na busca por si mesmo? (N\u00e3o h\u00e1 outra maneira de buscar).<\/p>\n<p>Qual o sentido da vida? Como se houvesse uma vida que n\u00e3o fosse voc\u00ea e um sentido da vida separado da vida!<br \/>\nPare de se perguntar sobre o sentido da vida.<br \/>\nVoc\u00ea \u00e9 a vida!<\/p>\n<p>N\u00e3o h\u00e1 outra vida que n\u00e3o seja voc\u00ea, aqui, agora.<br \/>\nAbandone qualquer ilus\u00e3o de refer\u00eancia externa. Voc\u00ea \u00e9 tudo.<br \/>\nTudo o que voc\u00ea pode viver \u00e9 a sua pr\u00f3pria vida.<\/p>\n<p>Sua liberdade e sua solid\u00e3o s\u00e3o totais.<\/p>\n<p>O sentido da vida \u00e9 voc\u00ea quem constr\u00f3i a cada segundo.<br \/>\n&#8230;<br \/>\n<strong>Qual o sentido da vida? Estar presente! Essa \u201cresposta\u201d tenta despertar o dorminhoco que faz essa pergunta.<\/strong><\/p><\/blockquote>\n<p>&nbsp;<\/p>\n","protected":false},"excerpt":{"rendered":"<p>1\/3 de solid\u00e3o Sentir a solid\u00e3o foi algo que\u00a0 me acompanhou durante os primeiros 15 anos de vida. Me questiono por que muitos de n\u00f3s n\u00e3o compreendemos a import\u00e2ncia da solid\u00e3o: estar consigo mesmo \u00e9 um dos melhores desafios que me coloco a vencer. Gosto da companhia que tenho durante a solid\u00e3o. N\u00e3o tendo op\u00e7\u00f5es [&hellip;]<\/p>\n","protected":false},"author":3,"featured_media":675,"comment_status":"open","ping_status":"open","sticky":false,"template":"","format":"standard","meta":[],"categories":[6],"tags":[],"_links":{"self":[{"href":"https:\/\/www.andiara.com.br\/index.php?rest_route=\/wp\/v2\/posts\/674"}],"collection":[{"href":"https:\/\/www.andiara.com.br\/index.php?rest_route=\/wp\/v2\/posts"}],"about":[{"href":"https:\/\/www.andiara.com.br\/index.php?rest_route=\/wp\/v2\/types\/post"}],"author":[{"embeddable":true,"href":"https:\/\/www.andiara.com.br\/index.php?rest_route=\/wp\/v2\/users\/3"}],"replies":[{"embeddable":true,"href":"https:\/\/www.andiara.com.br\/index.php?rest_route=%2Fwp%2Fv2%2Fcomments&post=674"}],"version-history":[{"count":4,"href":"https:\/\/www.andiara.com.br\/index.php?rest_route=\/wp\/v2\/posts\/674\/revisions"}],"predecessor-version":[{"id":679,"href":"https:\/\/www.andiara.com.br\/index.php?rest_route=\/wp\/v2\/posts\/674\/revisions\/679"}],"wp:featuredmedia":[{"embeddable":true,"href":"https:\/\/www.andiara.com.br\/index.php?rest_route=\/wp\/v2\/media\/675"}],"wp:attachment":[{"href":"https:\/\/www.andiara.com.br\/index.php?rest_route=%2Fwp%2Fv2%2Fmedia&parent=674"}],"wp:term":[{"taxonomy":"category","embeddable":true,"href":"https:\/\/www.andiara.com.br\/index.php?rest_route=%2Fwp%2Fv2%2Fcategories&post=674"},{"taxonomy":"post_tag","embeddable":true,"href":"https:\/\/www.andiara.com.br\/index.php?rest_route=%2Fwp%2Fv2%2Ftags&post=674"}],"curies":[{"name":"wp","href":"https:\/\/api.w.org\/{rel}","templated":true}]}}