{"id":9,"date":"2009-02-07T23:53:24","date_gmt":"2009-02-08T01:53:24","guid":{"rendered":"http:\/\/www.andiara.com.br\/?p=9"},"modified":"2009-02-08T00:15:52","modified_gmt":"2009-02-08T02:15:52","slug":"vii-congresso-brasileiro-de-farmacia-hospitalar","status":"publish","type":"post","link":"https:\/\/www.andiara.com.br\/?p=9","title":{"rendered":"VII Congresso Brasileiro de Farm\u00e1cia Hospitalar"},"content":{"rendered":"<p class=\"style6\" align=\"justify\">Texto extra\u00eddo\u00a0 do site da SBRAFH &#8211; Sociedade Brasileira de Farm\u00e1cia Hospitalar.<a href=\"http:\/\/www.sbrafh.org.br\"><em>http:\/\/www.sbrafh.org.br<\/em><\/a><\/p>\n<p class=\"style6\" align=\"justify\"><strong><em>Vale a pena conferir&#8230;<\/em><\/strong><\/p>\n<p class=\"style6\" align=\"justify\">\n<p class=\"style6\" align=\"justify\">&#8220;Profissionais,  professores e estudantes da \u00e1rea hospitalar estar\u00e3o presentes no <em>VII  Congresso Brasileiro de Farm\u00e1cia Hospitalar<\/em>, que ser\u00e1 realizado de 11 a 13  de junho de 2009, no Minascentro em Belo Horizonte (MG).<\/p>\n<p class=\"style6\" align=\"justify\">O tema principal do congresso ser\u00e1 \u201cQualidade na Farm\u00e1cia Hospitalar e nos Servi\u00e7os de Sa\u00fade\u201d, cuja abordagem se dar\u00e1 em palestras e confer\u00eancias a cargo de reconhecidos especialistas nacionais e internacionais que far\u00e3o uma abordagem multidisciplinar, discutindo assuntos relacionados \u00e0 qualidade dos medicamentos, produtos para a sa\u00fade, processos, assist\u00eancia e educa\u00e7\u00e3o farmac\u00eautica.<\/p>\n<p class=\"style6\" align=\"justify\">Haver\u00e1,  ainda, os seguintes eventos paralelos ao congresso: <em>III Concurso &#8211; T\u00edtulo de  Especialista em Farm\u00e1cia Hospitalar \u2013 Sbrafh<\/em>; <em>IV Encontro de Professores  de<\/em> <em>Farm\u00e1cia Hospitalar<\/em>; <em>II Encontro Brasileiro de Resid\u00eancias em  Farm\u00e1cia Hospitalar<\/em>; <em>Cursos Pr\u00e9-Congresso<\/em>; Apresenta\u00e7\u00e3o de Temas Livres (Sess\u00e3o P\u00f4ster), Simp\u00f3sios Sat\u00e9lites e a Exposi\u00e7\u00e3o da Ind\u00fastria Farmac\u00eautica, de Produtos, Equipamentos e Servi\u00e7os, relevantes \u00e0 qualifica\u00e7\u00e3o das atividades desenvolvidas na farm\u00e1cia hospitalar.<\/p>\n<p class=\"style6\" align=\"justify\">Esperamos por voc\u00ea para que juntos possamos buscar a atualiza\u00e7\u00e3o profissional, trocar experi\u00eancias e estreitar os la\u00e7os de amizade.<\/p>\n<p class=\"style6\" align=\"justify\">Sauda\u00e7\u00f5es  Farmac\u00eauticas.&#8221;<\/p>\n<p align=\"justify\">\n<p class=\"style6\" align=\"justify\"><strong>Maria Rita Carvalho  Garbi Novaes<br \/>\nSociedade Brasileira  de Farm\u00e1cia Hospitalar<br \/>\nVII Congresso  Brasileiro de Farm\u00e1cia hospitalar<br \/>\nPresidente<\/strong><\/p>\n<p class=\"style1\">\n","protected":false},"excerpt":{"rendered":"<p>Texto extra\u00eddo\u00a0 do site da SBRAFH &#8211; Sociedade Brasileira de Farm\u00e1cia Hospitalar.http:\/\/www.sbrafh.org.br Vale a pena conferir&#8230; &#8220;Profissionais, professores e estudantes da \u00e1rea hospitalar estar\u00e3o presentes no VII Congresso Brasileiro de Farm\u00e1cia Hospitalar, que ser\u00e1 realizado de 11 a 13 de junho de 2009, no Minascentro em Belo Horizonte (MG). O tema principal do congresso ser\u00e1 [&hellip;]<\/p>\n","protected":false},"author":1,"featured_media":0,"comment_status":"open","ping_status":"open","sticky":false,"template":"","format":"standard","meta":[],"categories":[3],"tags":[],"_links":{"self":[{"href":"https:\/\/www.andiara.com.br\/index.php?rest_route=\/wp\/v2\/posts\/9"}],"collection":[{"href":"https:\/\/www.andiara.com.br\/index.php?rest_route=\/wp\/v2\/posts"}],"about":[{"href":"https:\/\/www.andiara.com.br\/index.php?rest_route=\/wp\/v2\/types\/post"}],"author":[{"embeddable":true,"href":"https:\/\/www.andiara.com.br\/index.php?rest_route=\/wp\/v2\/users\/1"}],"replies":[{"embeddable":true,"href":"https:\/\/www.andiara.com.br\/index.php?rest_route=%2Fwp%2Fv2%2Fcomments&post=9"}],"version-history":[{"count":4,"href":"https:\/\/www.andiara.com.br\/index.php?rest_route=\/wp\/v2\/posts\/9\/revisions"}],"predecessor-version":[{"id":11,"href":"https:\/\/www.andiara.com.br\/index.php?rest_route=\/wp\/v2\/posts\/9\/revisions\/11"}],"wp:attachment":[{"href":"https:\/\/www.andiara.com.br\/index.php?rest_route=%2Fwp%2Fv2%2Fmedia&parent=9"}],"wp:term":[{"taxonomy":"category","embeddable":true,"href":"https:\/\/www.andiara.com.br\/index.php?rest_route=%2Fwp%2Fv2%2Fcategories&post=9"},{"taxonomy":"post_tag","embeddable":true,"href":"https:\/\/www.andiara.com.br\/index.php?rest_route=%2Fwp%2Fv2%2Ftags&post=9"}],"curies":[{"name":"wp","href":"https:\/\/api.w.org\/{rel}","templated":true}]}}